{"id":470,"date":"2024-06-07T16:13:48","date_gmt":"2024-06-07T14:13:48","guid":{"rendered":"https:\/\/italiaverdeeuromediterranea.it\/?p=470"},"modified":"2024-06-07T16:13:48","modified_gmt":"2024-06-07T14:13:48","slug":"cara-meloni-non-trattasi-di-complotto-della-magistratura-il-vero-problema-e-che-si-e-circondata-di-troppi-personaggi-diciamo-inappropriati","status":"publish","type":"post","link":"https:\/\/italiaverdeeuromediterranea.it\/?p=470","title":{"rendered":"Cara Melon?i, non trattasi di complotto della Magistratura. Il vero problema \u00e8 che si \u00e8 circondata di troppi personaggi \u2026 diciamo inappropriati?"},"content":{"rendered":"\n<p class=\"wp-block-paragraph\">I fedelissimi inguaiano Meloni. La guerra ai pm \u00e8 solo un diversivo<br>Sono le ore nere di Giorgia Meloni: non le \u00e8 stato mai cos\u00ec evidente il nido di guai in cui si \u00e8 infilata circondandosi di presunti fedeli ma inadatti al ruolo<br>Commenti: 9<\/p>\n\n\n\n<p class=\"wp-block-paragraph\">Italia Verde Euromediterranea<br>Esimio sig. Presidente del Consiglio Giorgia on.le Meloni, e\u2019 stata lei a scegliersi per Fratelli d\u2019Italia il maggior numero di candidati, impresentabili, incapaci, condannati, collusi con la mafia, etc. che, messi insieme a quelli di Lega e Forza Italia, costituiscono effettivamente un serissimo problema.<br>Adesso peto\u2019, e\u2019 doveroso che se li gestisca come sono (loro) anche se qualche mala lingua potrebbe azzardarsi (ma, appunto, e\u2019 solo un azzardo) a ricordare il detto \u201c\u2026 ogni simile cerca il suo simile\u201d. Detto questo, pero\u2019, per nascondere questi serissimi e numerosi problemi non puo\u2019 e non deve ipotizzare complotti da parte della Magistratura che indaga. Essa, infatti, e\u2019 gia\u2019 troppo generosa con i nostri politici e se lei si e\u2019 contornata di tanti di questi personaggi qualche indagine e\u2019 anche fisiologico che ci scappi anche se i suoi uomini sono piu\u2019 che protetti dal suo ministro della giustizia che sta ulteriormente aprendo al crimine mentre cerca di imbavagliare i giudici per impedire loro di poter commentare le sue leggi nel bene e nel male. Parlare di complotto della Magistratura, percio\u2019, le e\u2019 troppo sconveniente. E\u2019 una contraddizione in termini. Se ha tanti personaggi problematici ed ha solo qualche indagine come fa a o parlare di complotto. Va bene che lei ha dimostrato gia\u2019 la sua capacita\u2019 di effettuare giravolte da capogiro come ha fatto all\u2019indomani della vittoria dichiarando esattamente il contrario di cio\u2019 che aveva predicato urlando sino al giorno prima come risulta da video in circolazione ancora virali, pero\u2019 attenta a non esagerare.<\/p>\n","protected":false},"excerpt":{"rendered":"<p>I fedelissimi inguaiano Meloni. La guerra ai pm \u00e8 solo un diversivoSono le ore nere di Giorgia Meloni: non le \u00e8 stato mai cos\u00ec evidente il nido di guai in cui si \u00e8 infilata circondandosi di presunti fedeli ma inadatti al ruoloCommenti: 9 Italia Verde EuromediterraneaEsimio sig. Presidente del Consiglio Giorgia on.le Meloni, e\u2019 stata [&hellip;]<\/p>\n","protected":false},"author":250243338,"featured_media":0,"comment_status":"open","ping_status":"open","sticky":false,"template":"","format":"standard","meta":{"_crdt_document":"","advanced_seo_description":"","jetpack_seo_html_title":"","jetpack_seo_noindex":false,"_jetpack_newsletter_access":"","_jetpack_dont_email_post_to_subs":false,"_jetpack_newsletter_tier_id":0,"_jetpack_memberships_contains_paywalled_content":false,"_jetpack_memberships_contains_paid_content":false,"footnotes":"","jetpack_publicize_message":"","jetpack_publicize_feature_enabled":true,"jetpack_social_post_already_shared":false,"jetpack_social_options":{"image_generator_settings":{"template":"highway","default_image_id":0,"font":"","enabled":false},"version":2},"_wpas_customize_per_network":false,"jetpack_post_was_ever_published":true},"categories":[32176],"tags":[],"class_list":["post-470","post","type-post","status-publish","format-standard","hentry","category-senza-categoria"],"jetpack_publicize_connections":[],"jetpack_featured_media_url":"","jetpack_sharing_enabled":true,"jetpack_likes_enabled":true,"jetpack_shortlink":"https:\/\/wp.me\/pfKcQy-7A","_links":{"self":[{"href":"https:\/\/italiaverdeeuromediterranea.it\/index.php?rest_route=\/wp\/v2\/posts\/470","targetHints":{"allow":["GET"]}}],"collection":[{"href":"https:\/\/italiaverdeeuromediterranea.it\/index.php?rest_route=\/wp\/v2\/posts"}],"about":[{"href":"https:\/\/italiaverdeeuromediterranea.it\/index.php?rest_route=\/wp\/v2\/types\/post"}],"author":[{"embeddable":true,"href":"https:\/\/italiaverdeeuromediterranea.it\/index.php?rest_route=\/wp\/v2\/users\/250243338"}],"replies":[{"embeddable":true,"href":"https:\/\/italiaverdeeuromediterranea.it\/index.php?rest_route=%2Fwp%2Fv2%2Fcomments&post=470"}],"version-history":[{"count":1,"href":"https:\/\/italiaverdeeuromediterranea.it\/index.php?rest_route=\/wp\/v2\/posts\/470\/revisions"}],"predecessor-version":[{"id":471,"href":"https:\/\/italiaverdeeuromediterranea.it\/index.php?rest_route=\/wp\/v2\/posts\/470\/revisions\/471"}],"wp:attachment":[{"href":"https:\/\/italiaverdeeuromediterranea.it\/index.php?rest_route=%2Fwp%2Fv2%2Fmedia&parent=470"}],"wp:term":[{"taxonomy":"category","embeddable":true,"href":"https:\/\/italiaverdeeuromediterranea.it\/index.php?rest_route=%2Fwp%2Fv2%2Fcategories&post=470"},{"taxonomy":"post_tag","embeddable":true,"href":"https:\/\/italiaverdeeuromediterranea.it\/index.php?rest_route=%2Fwp%2Fv2%2Ftags&post=470"}],"curies":[{"name":"wp","href":"https:\/\/api.w.org\/{rel}","templated":true}]}}