{"id":441,"date":"2024-06-07T16:13:48","date_gmt":"2024-06-07T14:13:48","guid":{"rendered":"https:\/\/italiaverdeeuromediterranea.it\/?p=441"},"modified":"2024-06-07T16:13:48","modified_gmt":"2024-06-07T14:13:48","slug":"ripudio-della-guerra-e-falso-pacifismo","status":"publish","type":"post","link":"https:\/\/italiaverdeeuromediterranea.it\/?p=441","title":{"rendered":"Ripudio della guerra e falso pacifismo"},"content":{"rendered":"\n<p class=\"wp-block-paragraph\">Premesso che \u00e8 sotto gli occhi di tutti. Non una critica contro l\u2019invasore. Le critiche vengono mosse esclusivamente nei confronti di Zelenski, considerato responsabile di non aver consentito a putin di farlo fuori e sostituito con persone perbene come il gruppo Wagner. Responsabile anche per non essersi comportato ipocritamente (come avrebbero certamente fatto i nostri \u201cfalsi pacifisti\u201d) fermandosi a difendere il suo popolo ucraino direttamente in campo e lottando per difendere la libert\u00e0 e l\u2019indipendenza del popolo ucraino ma anche di tutta l\u2019Europa.<\/p>\n\n\n\n<p class=\"wp-block-paragraph\">Ci vuole proprio tanto coraggio a scrivere certe idiozie, frutto del \u201cfalso, proprio falso pacifismo\u201d. Induce in errore tutta l\u2019opinione pubblica specialmente nei confronti del Presidente Mattarella, il Presidente richiamato alla carica per la seconda volta proprio per la sua correttezza istituzionale; perch\u00e9 vero garante della Costituzione; perch\u00e9 il Presidente di tutti. Perch\u00e9 Italia Verde Euromediterranea parla di idiozia? Perch\u00e9 solo l\u2019idiozia (a meno che non si tratti addirittura di dolo ed allora sarebbe ancor pi\u00f9 grave) pu\u00f2 giustificare una tale enunciazione. La semplice ignoranza sarebbe impossibile: a che servirebbe l\u2019esercito che abbiamo e che peraltro ci costa tanto? a che servirebbe l\u2019art. 78 della Costituzione che prevede che le Camere deliberano lo stato di guerra? E l\u2019art. 87 che prevede che il Presidente della Repubblica dichiara lo stato di guerra? E l\u2019art. 52 che prevede il dovere costituzionale dei cittadini di difendere la Patria (ed ora l\u2019Europa)? Semplicemente perch\u00e9 l\u2019art. 11 della nostra Costituzione ripudia la guerra, ma come strumento di offesa e non come strumento di difesa. E\u2019 implicito, quindi, ed almeno per le persone normali, che se l\u2019Italia dovesse essere invasa, dovrebbe difendersi con la guerra non con una carezza sulla guancia dell\u2019invasore. \u2026 Ma tra \u201cfalso pacifismo\u201d e \u201cripudio della guerra\u201d regna tanta idiozia e tanta mala fede. Non dobbiamo dimenticare mai, per\u00f2, che l\u2019invasore finanzia anche iniziative dirette a dividere l\u2019opinione pubblica all\u2019interno dei paesi occidentali. Qualche giudice dovrebbe muoversi e fare chiarezza. Al Presidente Mattarella, al quale va tutto l\u2019apprezzamento di Italia Verde Euromediterranea, il suggerimento \u201d \u2026 non ti curar di lor ma guarda e passa..<\/p>\n\n\n\n<p class=\"wp-block-paragraph\">A Mario Capestro che scrive \u201cCirillo Accidenti che pistolotto scritto con sapienza per girare le frittata frutto, il pistolotto, di ignoranza e becera propaganda a favore di una guerra che banalmente rischia di portarci alla distruzione. Del suo passaggio l\u2019unico rigo degno di rilevanza \u00e8 il riconoscimento dell\u2019art 11 della Costituzione il quale dice che l\u2019italia ripudia la guerra punto, sempre il medesimo articolo precisa che il nostro paese pu\u00f2 eventualmente entrare in guerra solo in caso di attacco AL NOSTRO TERRITORIO, mentre qui si sta mandando armi per una guerra non nostra e con molta probabilit\u00e0 si arriver\u00e0 a mandare uomini, soldati in Ucraina. Ricordo altresi che quando si parla di idiozia lo \u00e8 chi vota a favore della guerra e non chi favorisce la pace, nel nostro paese l\u2019unico ad essersi schierato nettamente a favore della pace \u00e8 stato il presidente Conte, se ci fosse stato lui a capo del governo forse le cose sarebbero andate diversamente, ricordo che fu lui a mettere sul tavolo quella estenuante trattativa che frutto il famoso Recoveryfound, per chiedere il presidente Mattarella deve farsi sentire in quanto garante della Costituzione per impedire con i mezzi suoi a disposizione che l\u2019italia entri in una guerra, ripeto, non nostra, ed adoperarsi utilizzando tutta la sua saggezza per avviare trattative di pace, cosa che Francia e Germania da tempo stanno chiedendo con forza !\u201d<br>Italia Verde Euomediterranea risponde \u2026 \u201d<\/p>\n","protected":false},"excerpt":{"rendered":"<p>Premesso che \u00e8 sotto gli occhi di tutti. Non una critica contro l\u2019invasore. Le critiche vengono mosse esclusivamente nei confronti di Zelenski, considerato responsabile di non aver consentito a putin di farlo fuori e sostituito con persone perbene come il gruppo Wagner. Responsabile anche per non essersi comportato ipocritamente (come avrebbero certamente fatto i nostri [&hellip;]<\/p>\n","protected":false},"author":250243338,"featured_media":0,"comment_status":"open","ping_status":"open","sticky":false,"template":"","format":"standard","meta":{"_crdt_document":"","advanced_seo_description":"","jetpack_seo_html_title":"","jetpack_seo_noindex":false,"_jetpack_newsletter_access":"","_jetpack_dont_email_post_to_subs":false,"_jetpack_newsletter_tier_id":0,"_jetpack_memberships_contains_paywalled_content":false,"_jetpack_memberships_contains_paid_content":false,"footnotes":"","jetpack_publicize_message":"","jetpack_publicize_feature_enabled":true,"jetpack_social_post_already_shared":false,"jetpack_social_options":{"image_generator_settings":{"template":"highway","default_image_id":0,"font":"","enabled":false},"version":2},"_wpas_customize_per_network":false,"jetpack_post_was_ever_published":true},"categories":[32176],"tags":[],"class_list":["post-441","post","type-post","status-publish","format-standard","hentry","category-senza-categoria"],"jetpack_publicize_connections":[],"jetpack_featured_media_url":"","jetpack_sharing_enabled":true,"jetpack_likes_enabled":true,"jetpack_shortlink":"https:\/\/wp.me\/pfKcQy-77","_links":{"self":[{"href":"https:\/\/italiaverdeeuromediterranea.it\/index.php?rest_route=\/wp\/v2\/posts\/441","targetHints":{"allow":["GET"]}}],"collection":[{"href":"https:\/\/italiaverdeeuromediterranea.it\/index.php?rest_route=\/wp\/v2\/posts"}],"about":[{"href":"https:\/\/italiaverdeeuromediterranea.it\/index.php?rest_route=\/wp\/v2\/types\/post"}],"author":[{"embeddable":true,"href":"https:\/\/italiaverdeeuromediterranea.it\/index.php?rest_route=\/wp\/v2\/users\/250243338"}],"replies":[{"embeddable":true,"href":"https:\/\/italiaverdeeuromediterranea.it\/index.php?rest_route=%2Fwp%2Fv2%2Fcomments&post=441"}],"version-history":[{"count":1,"href":"https:\/\/italiaverdeeuromediterranea.it\/index.php?rest_route=\/wp\/v2\/posts\/441\/revisions"}],"predecessor-version":[{"id":442,"href":"https:\/\/italiaverdeeuromediterranea.it\/index.php?rest_route=\/wp\/v2\/posts\/441\/revisions\/442"}],"wp:attachment":[{"href":"https:\/\/italiaverdeeuromediterranea.it\/index.php?rest_route=%2Fwp%2Fv2%2Fmedia&parent=441"}],"wp:term":[{"taxonomy":"category","embeddable":true,"href":"https:\/\/italiaverdeeuromediterranea.it\/index.php?rest_route=%2Fwp%2Fv2%2Fcategories&post=441"},{"taxonomy":"post_tag","embeddable":true,"href":"https:\/\/italiaverdeeuromediterranea.it\/index.php?rest_route=%2Fwp%2Fv2%2Ftags&post=441"}],"curies":[{"name":"wp","href":"https:\/\/api.w.org\/{rel}","templated":true}]}}